{"id":1222,"date":"2018-06-11T10:51:41","date_gmt":"2018-06-11T13:51:41","guid":{"rendered":"http:\/\/www.tusidolos.com\/?p=1222"},"modified":"2019-11-08T10:41:15","modified_gmt":"2019-11-08T13:41:15","slug":"goyco-visito-pilar-y-hablo-su-experiencia-mundialista","status":"publish","type":"post","link":"https:\/\/www.tusidolos.com\/?p=1222","title":{"rendered":"Sergio Goycochea visit\u00f3 un club de Pilar y dio una charla sobre su experiencia mundialista"},"content":{"rendered":"<p>Sergio Goycochea estuvo en un club junto al concejal Federico Ach\u00e1val y habl\u00f3 con los chicos sobre sus comienzos en instituciones barriales y de su participaci\u00f3n en los mundiales. Hasta se anim\u00f3 a atajar algunos penales&#8230;<\/p>\n<p><img loading=\"lazy\" decoding=\"async\" class=\"alignnone wp-image-1224\" src=\"https:\/\/www.tusidolos.com\/wp-content\/uploads\/2018\/06\/WhatsApp-Image-2018-06-09-at-12.20.13-300x169.jpeg\" alt=\"\" width=\"762\" height=\"429\" srcset=\"https:\/\/www.tusidolos.com\/wp-content\/uploads\/2018\/06\/WhatsApp-Image-2018-06-09-at-12.20.13-300x169.jpeg 300w, https:\/\/www.tusidolos.com\/wp-content\/uploads\/2018\/06\/WhatsApp-Image-2018-06-09-at-12.20.13-768x432.jpeg 768w, https:\/\/www.tusidolos.com\/wp-content\/uploads\/2018\/06\/WhatsApp-Image-2018-06-09-at-12.20.13-1024x576.jpeg 1024w, https:\/\/www.tusidolos.com\/wp-content\/uploads\/2018\/06\/WhatsApp-Image-2018-06-09-at-12.20.13.jpeg 1280w\" sizes=\"auto, (max-width: 762px) 100vw, 762px\" \/><\/p>\n<p><!--more--><\/p>\n<p>En un ambiente distendido, Goycochea repas\u00f3 sus or\u00edgenes, su carrera y cont\u00f3 lo que sinti\u00f3 cuando le toc\u00f3 defender la camiseta de la Selecci\u00f3n Argentina en un Mundial de Italia 1990.<\/p>\n<p>El club es un \u00e1mbito donde los chicos pueden hacer actividades de forma sana, estar acompa\u00f1ados por la familia y sus seres queridos. Yo tuve la suerte de criarme en ese entorno y estoy agradecido de que haya sido as\u00ed\u201d, expres\u00f3.<\/p>\n<div style=\"width: 360px;\" class=\"wp-video\"><video class=\"wp-video-shortcode\" id=\"video-1222-1\" width=\"360\" height=\"288\" preload=\"metadata\" controls=\"controls\"><source type=\"video\/mp4\" src=\"https:\/\/www.tusidolos.com\/wp-content\/uploads\/2018\/06\/Goyco_OK.mp4?_=1\" \/><a href=\"https:\/\/www.tusidolos.com\/wp-content\/uploads\/2018\/06\/Goyco_OK.mp4\">https:\/\/www.tusidolos.com\/wp-content\/uploads\/2018\/06\/Goyco_OK.mp4<\/a><\/video><\/div>\n<p>El ex jugador de River y Racing dijo que \u00abes imposible describir con palabras lo que se siente atajar una final de un Mundial\u201d y, en el momento de mayor interacci\u00f3n con el p\u00fablico, cont\u00f3 que el penal m\u00e1s importante que detuvo fue el \u00faltimo ante Italia.<\/p>\n<p>\u201cCierren los ojos, p\u00f3nganse todos a cantar Argentina, Argentina\u201d, y luego le pidi\u00f3 a los presentes que hagan silencio.<\/p>\n<p>\u201cEse silencio representa lo que sent\u00ed al atajar ese penal. Todo el estadio gritaba por Italia y cuando detuve la pelota no volaba una mosca.\u201d<\/p>\n<p><img loading=\"lazy\" decoding=\"async\" class=\"alignnone wp-image-1225\" src=\"https:\/\/www.tusidolos.com\/wp-content\/uploads\/2018\/06\/WhatsApp-Image-2018-06-09-at-12.20.59-300x169.jpeg\" alt=\"\" width=\"760\" height=\"428\" srcset=\"https:\/\/www.tusidolos.com\/wp-content\/uploads\/2018\/06\/WhatsApp-Image-2018-06-09-at-12.20.59-300x169.jpeg 300w, https:\/\/www.tusidolos.com\/wp-content\/uploads\/2018\/06\/WhatsApp-Image-2018-06-09-at-12.20.59-768x432.jpeg 768w, https:\/\/www.tusidolos.com\/wp-content\/uploads\/2018\/06\/WhatsApp-Image-2018-06-09-at-12.20.59-1024x576.jpeg 1024w, https:\/\/www.tusidolos.com\/wp-content\/uploads\/2018\/06\/WhatsApp-Image-2018-06-09-at-12.20.59.jpeg 1280w\" sizes=\"auto, (max-width: 760px) 100vw, 760px\" \/> <img loading=\"lazy\" decoding=\"async\" class=\"alignnone wp-image-1226\" src=\"https:\/\/www.tusidolos.com\/wp-content\/uploads\/2018\/06\/WhatsApp-Image-2018-06-09-at-12.21.15-300x169.jpeg\" alt=\"\" width=\"760\" height=\"428\" srcset=\"https:\/\/www.tusidolos.com\/wp-content\/uploads\/2018\/06\/WhatsApp-Image-2018-06-09-at-12.21.15-300x169.jpeg 300w, https:\/\/www.tusidolos.com\/wp-content\/uploads\/2018\/06\/WhatsApp-Image-2018-06-09-at-12.21.15-768x432.jpeg 768w, https:\/\/www.tusidolos.com\/wp-content\/uploads\/2018\/06\/WhatsApp-Image-2018-06-09-at-12.21.15-1024x576.jpeg 1024w, https:\/\/www.tusidolos.com\/wp-content\/uploads\/2018\/06\/WhatsApp-Image-2018-06-09-at-12.21.15.jpeg 1280w\" sizes=\"auto, (max-width: 760px) 100vw, 760px\" \/><\/p>\n","protected":false},"excerpt":{"rendered":"<p>Sergio Goycochea estuvo en un club junto al concejal Federico Ach\u00e1val y habl\u00f3 con los chicos sobre sus comienzos en instituciones barriales y de su participaci\u00f3n en los mundiales. Hasta se anim\u00f3 a atajar algunos penales&#8230;<\/p>\n","protected":false},"author":2,"featured_media":1230,"comment_status":"closed","ping_status":"closed","sticky":false,"template":"","format":"standard","meta":{"footnotes":""},"categories":[1],"tags":[],"class_list":["post-1222","post","type-post","status-publish","format-standard","has-post-thumbnail","hentry","category-sin-categoria"],"aioseo_notices":[],"_links":{"self":[{"href":"https:\/\/www.tusidolos.com\/index.php?rest_route=\/wp\/v2\/posts\/1222","targetHints":{"allow":["GET"]}}],"collection":[{"href":"https:\/\/www.tusidolos.com\/index.php?rest_route=\/wp\/v2\/posts"}],"about":[{"href":"https:\/\/www.tusidolos.com\/index.php?rest_route=\/wp\/v2\/types\/post"}],"author":[{"embeddable":true,"href":"https:\/\/www.tusidolos.com\/index.php?rest_route=\/wp\/v2\/users\/2"}],"replies":[{"embeddable":true,"href":"https:\/\/www.tusidolos.com\/index.php?rest_route=%2Fwp%2Fv2%2Fcomments&post=1222"}],"version-history":[{"count":8,"href":"https:\/\/www.tusidolos.com\/index.php?rest_route=\/wp\/v2\/posts\/1222\/revisions"}],"predecessor-version":[{"id":1356,"href":"https:\/\/www.tusidolos.com\/index.php?rest_route=\/wp\/v2\/posts\/1222\/revisions\/1356"}],"wp:featuredmedia":[{"embeddable":true,"href":"https:\/\/www.tusidolos.com\/index.php?rest_route=\/wp\/v2\/media\/1230"}],"wp:attachment":[{"href":"https:\/\/www.tusidolos.com\/index.php?rest_route=%2Fwp%2Fv2%2Fmedia&parent=1222"}],"wp:term":[{"taxonomy":"category","embeddable":true,"href":"https:\/\/www.tusidolos.com\/index.php?rest_route=%2Fwp%2Fv2%2Fcategories&post=1222"},{"taxonomy":"post_tag","embeddable":true,"href":"https:\/\/www.tusidolos.com\/index.php?rest_route=%2Fwp%2Fv2%2Ftags&post=1222"}],"curies":[{"name":"wp","href":"https:\/\/api.w.org\/{rel}","templated":true}]}}