{"id":40,"date":"2014-04-04T12:59:13","date_gmt":"2014-04-04T12:59:13","guid":{"rendered":"http:\/\/demo.themegrill.com\/spacious-pro\/?p=40"},"modified":"2017-04-28T11:03:43","modified_gmt":"2017-04-28T14:03:43","slug":"extended-theme-options-panel","status":"publish","type":"post","link":"https:\/\/www.tusidolos.com\/?p=40","title":{"rendered":"F\u00fatbol con los \u00eddolos"},"content":{"rendered":"<p>Un grupo de ex jugadores compartieron una jornada en el predio de la AFA con invitados de distintas empresas del grupo Newsan. Ricardo Bochini, Lalo Maradona, N\u00e9stor Fabbri, Dar\u00edo Scotto, Alfredo Graciani y Gerardo Reinoso, entre otros, fueron los capitanes de los equipos.<\/p>\n<p><!--more--><\/p>\n<p><strong>EVENTOS PRODUCIDOS Y ORGANIZADOS POR NOSOTROS<\/strong><\/p>\n<p><a href=\"https:\/\/www.youtube.com\/watch?v=Po93ZjCi9VU\" target=\"_blank\" rel=\"noopener noreferrer\">-Pep Guardiola y Manel Estiarte. Ciclo de Conferencias de L\u00edderes Deportivos. 2013<\/a><br \/>\n<a href=\"https:\/\/www.youtube.com\/watch?v=PLF0smJftVo\" target=\"_blank\" rel=\"noopener noreferrer\">-Alejandro Sabella y Julio Lamas.\u00a0Ciclo de Conferencias de L\u00edderes Deportivos. 2014<\/a><br \/>\n<a href=\"https:\/\/www.youtube.com\/watch?v=SWrf2EADgjQ\" target=\"_blank\" rel=\"noopener noreferrer\">-Alejandro Sabella, Julio Lamas, Javier Weber, Guillermo Vilas, Javier Sotomayor y Gonzalo Bonadeo. Congreso de L\u00edderes Deportivos 2012 en Buenos Aires y Rosario.<\/a><br \/>\n<a href=\"https:\/\/www.youtube.com\/watch?v=smxk2xpHC8w\" target=\"_blank\" rel=\"noopener noreferrer\">-Expo Boca. Noviembre 2016<\/a>\u00a0con la presencia de m\u00e1s de 60 \u00eddolos de la historia de Boca.<br \/>\n<a href=\"https:\/\/www.youtube.com\/watch?v=jz0S_Wq6UVs\">-Marcos Di Palma Fan Day. 2011<\/a><br \/>\n-La Carrera del A\u00f1o. Top Race. Aut\u00f3dromo de Buenos Aires. 2008, 2009 y 2010.<br \/>\n<a href=\"https:\/\/www.youtube.com\/watch?v=EdRLPbruB-o\" target=\"_blank\" rel=\"noopener noreferrer\">-TN en el Vaticano. Visita de una delegaci\u00f3n del Turismo Nacional al Papa Francisco. 2014.<\/a><br \/>\n-Partido homenaje a Ariel Ortega en 9 de julio. Participaci\u00f3n de Enzo Francescoli y otras figuras. 2013<br \/>\n<a href=\"https:\/\/www.youtube.com\/watch?v=mUf8lpXHCTk\" target=\"_blank\" rel=\"noopener noreferrer\">-Guinness World Record con Roberto Pettinato y Laurita Fern\u00e1ndez. Tinturas 317.<\/a><\/p>\n<p><strong>CONTRATACIONES DE DEPORTISTAS<\/strong><\/p>\n<p>-Mart\u00edn Palermo. Charla para Laboratorio Merck.<br \/>\n-Mart\u00edn Palermo. Ciclo de charlas y exhibiciones para la Municipalidad de San Miguel<br \/>\n-Mart\u00edn Palermo. Charla para la Municipalidad de Saladillo.<br \/>\n-Mart\u00edn Palermo. Charla, exhibici\u00f3n y cl\u00ednica para Knauff. Ciudad de Buenos Aires.<br \/>\n<a href=\"https:\/\/www.youtube.com\/watch?v=TNLmQIoLJ_o\" target=\"_blank\" rel=\"noopener noreferrer\">-Daniel Osvaldo y Roberto Pettinato. Participaci\u00f3n en la campa\u00f1a El TN pinta bien.<\/a><br \/>\n<a href=\"https:\/\/www.youtube.com\/watch?v=W1XQA-CKz6U\" target=\"_blank\" rel=\"noopener noreferrer\">-Cachito Vigil. Charla en la Universidad Nacional del Litoral.<\/a><br \/>\n-Juan Pablo Varsky. Locuci\u00f3n para Waze, aplicaci\u00f3n de Google.<br \/>\n-Alejandro Fantino, Oscar Ruggeri y Rifle Varela. Charla sobre la violencia en el Congreso Nacional.<br \/>\n-Oscar Ruggeri. Campa\u00f1a de Comunicaci\u00f3n Interna para Knorr con videos motivacionales.<br \/>\n-Oscar y Candela Ruggeri. Charla para Knorr en Los Cardales.<br \/>\n-Eber Ludue\u00f1a, Horacio Elizondo y Eduardo Sacheri para Banco Hipotecario.<br \/>\n-Marcos Di Palma. Campa\u00f1a publicitaria para tinturas 317.<br \/>\n-Marcos Di Palma. Charla y competencia de karting para Intel y Lenovo.<br \/>\n<a href=\"https:\/\/www.youtube.com\/watch?v=rKWKoKi5hr8\" target=\"_blank\" rel=\"noopener noreferrer\">-Atletas ol\u00edmpicos en presentaci\u00f3n del equipo de automovilismo Ford.<\/a><br \/>\n-Felipe Pigna y Mart\u00edn Wullit para Knauff en Mendoza.<br \/>\n-Sergio Lapeg\u00fce y Rifle Varela para Knauff en Costa Salguero.<br \/>\n-Marcos Di Palma, Jorge Griffa y Julio Lamas. Jornada Agr\u00edcola Ganadera en Rosario.<br \/>\n<a href=\"https:\/\/www.youtube.com\/watch?v=qcjISBnUENo\" target=\"_blank\" rel=\"noopener noreferrer\">-Irena Villa. Charla en el Hotel Boca.<\/a><br \/>\n-Glorias del f\u00fatbol argentino en Fiesta del Deporte en localidad de Freire.<br \/>\n-Glorias del f\u00fatbol argentino en evento para empresas del Grupo Newsan en el predio de la AFA.<br \/>\n-Roberto Mouzo. Cl\u00ednica y charla en la localidad de El Tr\u00e9bol.<br \/>\n-Julio Lamas. Charla motivacional para equipo de automovilismo SEAT.<br \/>\n-Las Leonas. Charla y cl\u00ednica en la localidad de Chab\u00e1s.<br \/>\n-Las Leonas. Charla y cl\u00ednica en Las Parejas.<br \/>\n-Pato Fillol. Charla de trabajo en equipo y liderazgo para empresa de tecnolog\u00eda Druidics.<br \/>\n-Bambino Veira. Charla y almuerzo para empleados de Danone.<br \/>\n-Jacques Villeneuve. Participaci\u00f3n en la Carrera del A\u00f1o de Top Race.<\/p>\n","protected":false},"excerpt":{"rendered":"<p>Un grupo de ex jugadores compartieron una jornada en el predio de la AFA con invitados de distintas empresas del grupo Newsan. Ricardo Bochini, Lalo Maradona, N\u00e9stor Fabbri, Dar\u00edo Scotto, Alfredo Graciani y Gerardo Reinoso, entre otros, fueron los capitanes de los equipos.<\/p>\n","protected":false},"author":1,"featured_media":709,"comment_status":"open","ping_status":"open","sticky":false,"template":"","format":"standard","meta":{"footnotes":""},"categories":[1,2],"tags":[10,12,13,29,28,30],"class_list":["post-40","post","type-post","status-publish","format-standard","has-post-thumbnail","hentry","category-sin-categoria","category-uncategorized","tag-charlas-motivacionales","tag-contrataciones-de-deportistas","tag-eventos-empresariales","tag-futbol-senior","tag-partidos-de-veteranos","tag-superclasico-senior"],"aioseo_notices":[],"_links":{"self":[{"href":"https:\/\/www.tusidolos.com\/index.php?rest_route=\/wp\/v2\/posts\/40","targetHints":{"allow":["GET"]}}],"collection":[{"href":"https:\/\/www.tusidolos.com\/index.php?rest_route=\/wp\/v2\/posts"}],"about":[{"href":"https:\/\/www.tusidolos.com\/index.php?rest_route=\/wp\/v2\/types\/post"}],"author":[{"embeddable":true,"href":"https:\/\/www.tusidolos.com\/index.php?rest_route=\/wp\/v2\/users\/1"}],"replies":[{"embeddable":true,"href":"https:\/\/www.tusidolos.com\/index.php?rest_route=%2Fwp%2Fv2%2Fcomments&post=40"}],"version-history":[{"count":3,"href":"https:\/\/www.tusidolos.com\/index.php?rest_route=\/wp\/v2\/posts\/40\/revisions"}],"predecessor-version":[{"id":1191,"href":"https:\/\/www.tusidolos.com\/index.php?rest_route=\/wp\/v2\/posts\/40\/revisions\/1191"}],"wp:featuredmedia":[{"embeddable":true,"href":"https:\/\/www.tusidolos.com\/index.php?rest_route=\/wp\/v2\/media\/709"}],"wp:attachment":[{"href":"https:\/\/www.tusidolos.com\/index.php?rest_route=%2Fwp%2Fv2%2Fmedia&parent=40"}],"wp:term":[{"taxonomy":"category","embeddable":true,"href":"https:\/\/www.tusidolos.com\/index.php?rest_route=%2Fwp%2Fv2%2Fcategories&post=40"},{"taxonomy":"post_tag","embeddable":true,"href":"https:\/\/www.tusidolos.com\/index.php?rest_route=%2Fwp%2Fv2%2Ftags&post=40"}],"curies":[{"name":"wp","href":"https:\/\/api.w.org\/{rel}","templated":true}]}}